{"id":7755,"date":"2023-09-04T23:07:29","date_gmt":"2023-09-04T20:07:29","guid":{"rendered":"https:\/\/www.eliteplast.com.tr\/?p=7755"},"modified":"2023-10-11T21:46:59","modified_gmt":"2023-10-11T18:46:59","slug":"euro-palet-nedir-ve-nerelerde-kullanilir","status":"publish","type":"post","link":"https:\/\/www.eliteplast.com.tr\/en\/what-is-euro-pallet-and-where-is-it-used\/","title":{"rendered":"What is Euro Pallet and Where is it Used?"},"content":{"rendered":"<div data-elementor-type=\"wp-post\" data-elementor-id=\"7755\" class=\"elementor elementor-7755\" data-elementor-post-type=\"post\">\n\t\t\t\t\t\t<section class=\"elementor-section elementor-top-section elementor-element elementor-element-283943e0 elementor-section-boxed elementor-section-height-default elementor-section-height-default\" data-id=\"283943e0\" data-element_type=\"section\" data-e-type=\"section\">\n\t\t\t\t\t\t<div class=\"elementor-container elementor-column-gap-default\">\n\t\t\t\t\t<div class=\"elementor-column elementor-col-100 elementor-top-column elementor-element elementor-element-62fbc1b7\" data-id=\"62fbc1b7\" data-element_type=\"column\" data-e-type=\"column\">\n\t\t\t<div class=\"elementor-widget-wrap elementor-element-populated\">\n\t\t\t\t\t\t<div class=\"elementor-element elementor-element-36ab4e02 elementor-widget elementor-widget-text-editor\" data-id=\"36ab4e02\" data-element_type=\"widget\" data-e-type=\"widget\" data-widget_type=\"text-editor.default\">\n\t\t\t\t<div class=\"elementor-widget-container\">\n\t\t\t\t\t\t\t\t\t<p style=\"margin: 0px; font-style: normal; font-variant-caps: normal; font-stretch: normal; font-size: 18.2px; line-height: normal; font-size-adjust: none; font-kerning: auto; font-variant-alternates: normal; font-variant-ligatures: normal; font-variant-numeric: normal; font-variant-east-asian: normal; font-variant-position: normal; font-feature-settings: normal; font-optical-sizing: auto; font-variation-settings: normal; caret-color: #000000; color: #000000; -webkit-text-size-adjust: auto;\"><span style=\"font-family: UICTFontTextStyleBody; font-style: normal; font-size: 18.24px;\">Lojistik d\u00fcnyas\u0131nda bir standart olan Euro palet, malzeme ta\u015f\u0131mac\u0131l\u0131\u011f\u0131nda b\u00fcy\u00fck bir rol oynar. Bu paletler, \u00f6zellikle Avrupa&#8217;da yayg\u0131n olarak kullan\u0131ld\u0131\u011f\u0131 i\u00e7in &#8220;Euro palet&#8221; olarak adland\u0131r\u0131l\u0131r. Ancak pop\u00fclerli\u011fi sadece Avrupa ile s\u0131n\u0131rl\u0131 de\u011fildir, d\u00fcnya genelinde bir\u00e7ok \u00fclkede tercih edilen bir ta\u015f\u0131ma \u00e7\u00f6z\u00fcm\u00fcd\u00fcr.<\/span><\/p>\t\t\t\t\t\t\t\t<\/div>\n\t\t\t\t<\/div>\n\t\t\t\t\t<\/div>\n\t\t<\/div>\n\t\t\t\t\t<\/div>\n\t\t<\/section>\n\t\t\t\t<section class=\"elementor-section elementor-top-section elementor-element elementor-element-04e3b95 elementor-section-boxed elementor-section-height-default elementor-section-height-default\" data-id=\"04e3b95\" data-element_type=\"section\" data-e-type=\"section\">\n\t\t\t\t\t\t<div class=\"elementor-container elementor-column-gap-default\">\n\t\t\t\t\t<div class=\"elementor-column elementor-col-100 elementor-top-column elementor-element elementor-element-2a61837\" data-id=\"2a61837\" data-element_type=\"column\" data-e-type=\"column\">\n\t\t\t<div class=\"elementor-widget-wrap elementor-element-populated\">\n\t\t\t\t\t\t<div class=\"elementor-element elementor-element-f4711a5 elementor-widget elementor-widget-image\" data-id=\"f4711a5\" data-element_type=\"widget\" data-e-type=\"widget\" data-widget_type=\"image.default\">\n\t\t\t\t<div class=\"elementor-widget-container\">\n\t\t\t\t\t\t\t\t\t\t\t\t<figure class=\"wp-caption\">\n\t\t\t\t\t\t\t\t\t\t<img fetchpriority=\"high\" decoding=\"async\" width=\"768\" height=\"768\" src=\"https:\/\/www.eliteplast.com.tr\/wp-content\/uploads\/2019\/07\/110x130plastikpaletsiyahkapal\u0131k\u0131zakl\u0131-1-768x768.jpg\" class=\"attachment-medium_large size-medium_large wp-image-1517\" alt=\"Euro Palet Plastik Palet\" srcset=\"https:\/\/www.eliteplast.com.tr\/wp-content\/uploads\/2019\/07\/110x130plastikpaletsiyahkapal\u0131k\u0131zakl\u0131-1-768x768.jpg 768w, https:\/\/www.eliteplast.com.tr\/wp-content\/uploads\/2019\/07\/110x130plastikpaletsiyahkapal\u0131k\u0131zakl\u0131-1-150x150.jpg 150w, https:\/\/www.eliteplast.com.tr\/wp-content\/uploads\/2019\/07\/110x130plastikpaletsiyahkapal\u0131k\u0131zakl\u0131-1-300x300.jpg 300w, https:\/\/www.eliteplast.com.tr\/wp-content\/uploads\/2019\/07\/110x130plastikpaletsiyahkapal\u0131k\u0131zakl\u0131-1-1024x1024.jpg 1024w, https:\/\/www.eliteplast.com.tr\/wp-content\/uploads\/2019\/07\/110x130plastikpaletsiyahkapal\u0131k\u0131zakl\u0131-1-600x600.jpg 600w, https:\/\/www.eliteplast.com.tr\/wp-content\/uploads\/2019\/07\/110x130plastikpaletsiyahkapal\u0131k\u0131zakl\u0131-1-100x100.jpg 100w, https:\/\/www.eliteplast.com.tr\/wp-content\/uploads\/2019\/07\/110x130plastikpaletsiyahkapal\u0131k\u0131zakl\u0131-1.jpg 1200w\" sizes=\"(max-width: 768px) 100vw, 768px\" title=\"\">\t\t\t\t\t\t\t\t\t\t\t<figcaption class=\"widget-image-caption wp-caption-text\">Plastik Euro Palet<\/figcaption>\n\t\t\t\t\t\t\t\t\t\t<\/figure>\n\t\t\t\t\t\t\t\t\t<\/div>\n\t\t\t\t<\/div>\n\t\t\t\t<div class=\"elementor-element elementor-element-74fa0ac elementor-widget elementor-widget-text-editor\" data-id=\"74fa0ac\" data-element_type=\"widget\" data-e-type=\"widget\" data-widget_type=\"text-editor.default\">\n\t\t\t\t<div class=\"elementor-widget-container\">\n\t\t\t\t\t\t\t\t\t<h2><span class=\"ez-toc-section\" id=\"Euro_Paletin_Onemi_ve_Tasimaciliktaki_Yeri\"><\/span>Euro Paletin \u00d6nemi ve Ta\u015f\u0131mac\u0131l\u0131ktaki Yeri<span class=\"ez-toc-section-end\"><\/span><\/h2><p style=\"margin: 0px; font-style: normal; font-variant-caps: normal; font-stretch: normal; font-size: 13px; line-height: normal; font-family: 'Helvetica Neue'; font-size-adjust: none; font-kerning: auto; font-variant-alternates: normal; font-variant-ligatures: normal; font-variant-numeric: normal; font-variant-east-asian: normal; font-variant-position: normal; font-feature-settings: normal; font-optical-sizing: auto; font-variation-settings: normal;\">\u00a0<\/p><p style=\"margin: 0px; font-style: normal; font-variant-caps: normal; font-stretch: normal; font-size: 13px; line-height: normal; font-family: 'Helvetica Neue'; font-size-adjust: none; font-kerning: auto; font-variant-alternates: normal; font-variant-ligatures: normal; font-variant-numeric: normal; font-variant-east-asian: normal; font-variant-position: normal; font-feature-settings: normal; font-optical-sizing: auto; font-variation-settings: normal;\">Lojistik ve ta\u015f\u0131mac\u0131l\u0131k sekt\u00f6r\u00fcndeki s\u00fcre\u00e7ler, bireyler ve i\u015fletmeler i\u00e7in b\u00fcy\u00fck bir \u00f6neme sahiptir. \u00dcr\u00fcnlerin, malzemelerin ve e\u015fyalar\u0131n bir noktadan di\u011ferine g\u00fcvenli ve verimli bir \u015fekilde ta\u015f\u0131nmas\u0131, \u00f6zellikle globalle\u015fen d\u00fcnya ekonomisinde kritik bir rol oynamaktad\u0131r. Bu noktada Euro palet, malzeme ta\u015f\u0131mac\u0131l\u0131\u011f\u0131ndaki yerini sa\u011flamla\u015ft\u0131rm\u0131\u015f, adeta bir standart haline gelmi\u015ftir. Euro palet ad\u0131n\u0131, \u00f6zellikle Avrupa&#8217;da yayg\u0131n olarak kullan\u0131lmas\u0131ndan alm\u0131\u015ft\u0131r. Ancak pop\u00fclerli\u011fi sadece Avrupa ile s\u0131n\u0131rl\u0131 olmay\u0131p, d\u00fcnya genelinde bir\u00e7ok \u00fclkede tercih edilen bir ta\u015f\u0131ma \u00e7\u00f6z\u00fcm\u00fcd\u00fcr.<\/p><p style=\"margin: 0px; font-style: normal; font-variant-caps: normal; font-stretch: normal; font-size: 13px; line-height: normal; font-family: 'Helvetica Neue'; font-size-adjust: none; font-kerning: auto; font-variant-alternates: normal; font-variant-ligatures: normal; font-variant-numeric: normal; font-variant-east-asian: normal; font-variant-position: normal; font-feature-settings: normal; font-optical-sizing: auto; font-variation-settings: normal;\">\u00a0<\/p><h2><span class=\"ez-toc-section\" id=\"Euro_Palet_Olculeri_ve_Yuk_Tasima_Kapasitesi\"><\/span>Euro Palet \u00d6l\u00e7\u00fcleri ve Y\u00fck Ta\u015f\u0131ma Kapasitesi<span class=\"ez-toc-section-end\"><\/span><\/h2><p style=\"margin: 0px; font-style: normal; font-variant-caps: normal; font-stretch: normal; font-size: 13px; line-height: normal; font-family: 'Helvetica Neue'; font-size-adjust: none; font-kerning: auto; font-variant-alternates: normal; font-variant-ligatures: normal; font-variant-numeric: normal; font-variant-east-asian: normal; font-variant-position: normal; font-feature-settings: normal; font-optical-sizing: auto; font-variation-settings: normal;\">\u00a0<\/p><p style=\"margin: 0px; font-style: normal; font-variant-caps: normal; font-stretch: normal; font-size: 13px; line-height: normal; font-family: 'Helvetica Neue'; font-size-adjust: none; font-kerning: auto; font-variant-alternates: normal; font-variant-ligatures: normal; font-variant-numeric: normal; font-variant-east-asian: normal; font-variant-position: normal; font-feature-settings: normal; font-optical-sizing: auto; font-variation-settings: normal;\">Euro paletin standart \u00f6l\u00e7\u00fcleri, bu paletleri di\u011fer palet tiplerinden ay\u0131ran \u00f6nemli bir \u00f6zelliktir. Euro paletin boyutlar\u0131 genellikle 1200 mm x 800 mm olarak belirlenmi\u015ftir. Bunun yan\u0131 s\u0131ra, bu palet t\u00fcr\u00fc, y\u00fck ta\u015f\u0131ma kapasitesi a\u00e7\u0131s\u0131ndan da olduk\u00e7a etkileyicidir. Genel itibariyle, bir Euro palet 1500 kg ila 2000 kg aras\u0131nda bir y\u00fck\u00fc rahatl\u0131kla ta\u015f\u0131yabilmektedir. Bu \u00f6l\u00e7\u00fcler ve ta\u015f\u0131ma kapasitesi, Euro paletleri, ta\u015f\u0131ma ve depolama alan\u0131nda vazge\u00e7ilmez bir \u00e7\u00f6z\u00fcm haline getirir.<\/p><p style=\"margin: 0px; font-style: normal; font-variant-caps: normal; font-stretch: normal; font-size: 13px; line-height: normal; font-family: 'Helvetica Neue'; font-size-adjust: none; font-kerning: auto; font-variant-alternates: normal; font-variant-ligatures: normal; font-variant-numeric: normal; font-variant-east-asian: normal; font-variant-position: normal; font-feature-settings: normal; font-optical-sizing: auto; font-variation-settings: normal;\">\u00a0<\/p><h2><span class=\"ez-toc-section\" id=\"Euro_Paletin_Tarihsel_Gelisimi\"><\/span>Euro Paletin Tarihsel Geli\u015fimi<span class=\"ez-toc-section-end\"><\/span><\/h2><p style=\"margin: 0px; font-style: normal; font-variant-caps: normal; font-stretch: normal; font-size: 13px; line-height: normal; font-family: 'Helvetica Neue'; font-size-adjust: none; font-kerning: auto; font-variant-alternates: normal; font-variant-ligatures: normal; font-variant-numeric: normal; font-variant-east-asian: normal; font-variant-position: normal; font-feature-settings: normal; font-optical-sizing: auto; font-variation-settings: normal;\">\u00a0<\/p><p style=\"margin: 0px; font-style: normal; font-variant-caps: normal; font-stretch: normal; font-size: 13px; line-height: normal; font-family: 'Helvetica Neue'; font-size-adjust: none; font-kerning: auto; font-variant-alternates: normal; font-variant-ligatures: normal; font-variant-numeric: normal; font-variant-east-asian: normal; font-variant-position: normal; font-feature-settings: normal; font-optical-sizing: auto; font-variation-settings: normal;\">Euro paletin tarihsel k\u00f6kenleri, II. D\u00fcnya Sava\u015f\u0131 sonras\u0131na dayan\u0131r. Sava\u015f sonras\u0131 Avrupa&#8217;da ta\u015f\u0131mac\u0131l\u0131\u011f\u0131n daha standart ve d\u00fczenli bir hale getirilmesi amac\u0131yla belirli normlar ve standartlar olu\u015fturulmu\u015ftur. Bu standartlar aras\u0131nda Euro paletin boyutlar\u0131 ve ta\u015f\u0131ma kapasiteleri de bulunur, bu da onun evrensel bir standart haline gelmesine yol a\u00e7m\u0131\u015ft\u0131r.<\/p><p style=\"margin: 0px; font-style: normal; font-variant-caps: normal; font-stretch: normal; font-size: 13px; line-height: normal; font-family: 'Helvetica Neue'; font-size-adjust: none; font-kerning: auto; font-variant-alternates: normal; font-variant-ligatures: normal; font-variant-numeric: normal; font-variant-east-asian: normal; font-variant-position: normal; font-feature-settings: normal; font-optical-sizing: auto; font-variation-settings: normal;\">\u00a0<\/p><h2><span class=\"ez-toc-section\" id=\"Euro_Palet_ve_Surdurulebilirlik\"><\/span>Euro Palet ve S\u00fcrd\u00fcr\u00fclebilirlik<span class=\"ez-toc-section-end\"><\/span><\/h2><p style=\"margin: 0px; font-style: normal; font-variant-caps: normal; font-stretch: normal; font-size: 13px; line-height: normal; font-family: 'Helvetica Neue'; font-size-adjust: none; font-kerning: auto; font-variant-alternates: normal; font-variant-ligatures: normal; font-variant-numeric: normal; font-variant-east-asian: normal; font-variant-position: normal; font-feature-settings: normal; font-optical-sizing: auto; font-variation-settings: normal;\">\u00a0<\/p><p style=\"margin: 0px; font-style: normal; font-variant-caps: normal; font-stretch: normal; font-size: 13px; line-height: normal; font-family: 'Helvetica Neue'; font-size-adjust: none; font-kerning: auto; font-variant-alternates: normal; font-variant-ligatures: normal; font-variant-numeric: normal; font-variant-east-asian: normal; font-variant-position: normal; font-feature-settings: normal; font-optical-sizing: auto; font-variation-settings: normal;\">Euro paletin s\u00fcrd\u00fcr\u00fclebilirlik a\u00e7\u0131s\u0131ndan da dikkate de\u011fer avantajlar\u0131 bulunmaktad\u0131r. Ah\u015fap malzemenin yeniden kullan\u0131labilir ve geri d\u00f6n\u00fc\u015ft\u00fcr\u00fclebilir \u00f6zellikleri, bu paletin \u00e7evre dostu bir se\u00e7enek olmas\u0131n\u0131 sa\u011flar. Ayr\u0131ca, dayan\u0131kl\u0131l\u0131\u011f\u0131 ve uzun \u00f6m\u00fcrl\u00fc olmas\u0131, kaynaklar\u0131n etkin kullan\u0131m\u0131na katk\u0131 sa\u011flar.<\/p><p style=\"margin: 0px; font-style: normal; font-variant-caps: normal; font-stretch: normal; font-size: 13px; line-height: normal; font-family: 'Helvetica Neue'; font-size-adjust: none; font-kerning: auto; font-variant-alternates: normal; font-variant-ligatures: normal; font-variant-numeric: normal; font-variant-east-asian: normal; font-variant-position: normal; font-feature-settings: normal; font-optical-sizing: auto; font-variation-settings: normal;\">\u00a0<\/p><h2><span class=\"ez-toc-section\" id=\"Euro_Paletin_Kullanim_Alanlari_ve_Sektorel_Onemi\"><\/span>Euro Paletin Kullan\u0131m Alanlar\u0131 ve Sekt\u00f6rel \u00d6nemi<span class=\"ez-toc-section-end\"><\/span><\/h2><p style=\"margin: 0px; font-style: normal; font-variant-caps: normal; font-stretch: normal; font-size: 13px; line-height: normal; font-family: 'Helvetica Neue'; font-size-adjust: none; font-kerning: auto; font-variant-alternates: normal; font-variant-ligatures: normal; font-variant-numeric: normal; font-variant-east-asian: normal; font-variant-position: normal; font-feature-settings: normal; font-optical-sizing: auto; font-variation-settings: normal;\">\u00a0<\/p><p style=\"margin: 0px; font-style: normal; font-variant-caps: normal; font-stretch: normal; font-size: 13px; line-height: normal; font-family: 'Helvetica Neue'; font-size-adjust: none; font-kerning: auto; font-variant-alternates: normal; font-variant-ligatures: normal; font-variant-numeric: normal; font-variant-east-asian: normal; font-variant-position: normal; font-feature-settings: normal; font-optical-sizing: auto; font-variation-settings: normal;\">Euro paletlerin kullan\u0131m alanlar\u0131 olduk\u00e7a geni\u015f bir yelpazeye sahiptir:<\/p><p style=\"margin: 0px; font-style: normal; font-variant-caps: normal; font-stretch: normal; font-size: 13px; line-height: normal; font-family: 'Helvetica Neue'; font-size-adjust: none; font-kerning: auto; font-variant-alternates: normal; font-variant-ligatures: normal; font-variant-numeric: normal; font-variant-east-asian: normal; font-variant-position: normal; font-feature-settings: normal; font-optical-sizing: auto; font-variation-settings: normal;\"><a style=\"font-size: 14px; font-style: normal; font-variant-caps: normal;\" href=\"https:\/\/www.eliteplast.com.tr\/en\/plastic-palette\/\">Plastic Pallet<\/a>&#8211; <b>Perakende Sekt\u00f6r\u00fc:<\/b> Euro paletler, ma\u011fazalarda \u00fcr\u00fcnlerin sergilenmesi ve d\u00fczenlenmesi i\u00e7in s\u0131kl\u0131kla kullan\u0131l\u0131r.<\/p><p style=\"margin: 0px; font-style: normal; font-variant-caps: normal; font-stretch: normal; font-size: 13px; line-height: normal; font-family: 'Helvetica Neue'; font-size-adjust: none; font-kerning: auto; font-variant-alternates: normal; font-variant-ligatures: normal; font-variant-numeric: normal; font-variant-east-asian: normal; font-variant-position: normal; font-feature-settings: normal; font-optical-sizing: auto; font-variation-settings: normal;\">&#8211; <b>Ta\u015f\u0131mac\u0131l\u0131k ve Lojistik:<\/b> Nakliye konteynerleri, kamyonlar ve trenler ile uyumlu olan bu paletler, lojistik operasyonlar\u0131 daha verimli hale getirir.<\/p><p style=\"margin: 0px; font-style: normal; font-variant-caps: normal; font-stretch: normal; font-size: 13px; line-height: normal; font-family: 'Helvetica Neue'; font-size-adjust: none; font-kerning: auto; font-variant-alternates: normal; font-variant-ligatures: normal; font-variant-numeric: normal; font-variant-east-asian: normal; font-variant-position: normal; font-feature-settings: normal; font-optical-sizing: auto; font-variation-settings: normal;\">&#8211; <b>\u00dcretim End\u00fcstrisi:<\/b> Fabrikalarda, \u00fcr\u00fcnlerin ta\u015f\u0131nmas\u0131 ve \u00fcretim hatlar\u0131nda kullan\u0131m i\u00e7in idealdirler.<\/p><p style=\"margin: 0px; font-style: normal; font-variant-caps: normal; font-stretch: normal; font-size: 13px; line-height: normal; font-family: 'Helvetica Neue'; font-size-adjust: none; font-kerning: auto; font-variant-alternates: normal; font-variant-ligatures: normal; font-variant-numeric: normal; font-variant-east-asian: normal; font-variant-position: normal; font-feature-settings: normal; font-optical-sizing: auto; font-variation-settings: normal;\">&#8211; <b>Depolama: <\/b>Euro paletler, depolama alanlar\u0131nda \u00fcr\u00fcnlerin d\u00fczenli ve g\u00fcvenli bir \u015fekilde stoklanmas\u0131n\u0131 sa\u011flar.<\/p><p style=\"margin: 0px; font-style: normal; font-variant-caps: normal; font-stretch: normal; font-size: 13px; line-height: normal; font-family: 'Helvetica Neue'; font-size-adjust: none; font-kerning: auto; font-variant-alternates: normal; font-variant-ligatures: normal; font-variant-numeric: normal; font-variant-east-asian: normal; font-variant-position: normal; font-feature-settings: normal; font-optical-sizing: auto; font-variation-settings: normal;\">&#8211;<b> \u0130hracat: <\/b>Uluslararas\u0131 ta\u015f\u0131mac\u0131l\u0131k ve ticarette de s\u0131k\u00e7a tercih edilirler.<\/p><p style=\"margin: 0px; font-style: normal; font-variant-caps: normal; font-stretch: normal; font-size: 13px; line-height: normal; font-family: 'Helvetica Neue'; font-size-adjust: none; font-kerning: auto; font-variant-alternates: normal; font-variant-ligatures: normal; font-variant-numeric: normal; font-variant-east-asian: normal; font-variant-position: normal; font-feature-settings: normal; font-optical-sizing: auto; font-variation-settings: normal;\">\u00a0<\/p><h2><span class=\"ez-toc-section\" id=\"Sonuc_ve_Genel_Degerlendirme\"><\/span>Sonu\u00e7 ve Genel De\u011ferlendirme<span class=\"ez-toc-section-end\"><\/span><\/h2><p style=\"margin: 0px; font-style: normal; font-variant-caps: normal; font-stretch: normal; font-size: 13px; line-height: normal; font-family: 'Helvetica Neue'; font-size-adjust: none; font-kerning: auto; font-variant-alternates: normal; font-variant-ligatures: normal; font-variant-numeric: normal; font-variant-east-asian: normal; font-variant-position: normal; font-feature-settings: normal; font-optical-sizing: auto; font-variation-settings: normal;\">\u00a0<\/p><p style=\"margin: 0px; font-style: normal; font-variant-caps: normal; font-stretch: normal; font-size: 13px; line-height: normal; font-family: 'Helvetica Neue'; font-size-adjust: none; font-kerning: auto; font-variant-alternates: normal; font-variant-ligatures: normal; font-variant-numeric: normal; font-variant-east-asian: normal; font-variant-position: normal; font-feature-settings: normal; font-optical-sizing: auto; font-variation-settings: normal;\">Euro paletler, sadece ta\u015f\u0131ma ve depolama i\u015flevleri ile s\u0131n\u0131rl\u0131 kalmay\u0131p, ayn\u0131 zamanda i\u015fletmelerin ve end\u00fcstrilerin s\u00fcrd\u00fcr\u00fclebilirlik hedeflerine de katk\u0131 sa\u011flamaktad\u0131r. \u00d6zellikle, \u00e7evre dostu yap\u0131s\u0131, dayan\u0131kl\u0131l\u0131\u011f\u0131, ve uluslararas\u0131 kabul g\u00f6rm\u00fc\u015f standartlar\u0131 ile ta\u015f\u0131mac\u0131l\u0131k ve depolama alan\u0131nda vazge\u00e7ilmez bir yere sahiptir. \u0130ster perakende, ister \u00fcretim, isterse de lojistik sekt\u00f6r\u00fcnde olsun, Euro paletler farkl\u0131 ihtiya\u00e7 ve beklentilere uygun \u00e7\u00f6z\u00fcmler sunmaktad\u0131r. E\u011fer farkl\u0131 plastik kasa \u00e7e\u015fitleri ve boyutlar\u0131na ihtiya\u00e7 duyuyorsan\u0131z, <a style=\"font-size: 14px; font-style: normal; font-variant-caps: normal;\" href=\"https:\/\/www.eliteplast.com.tr\/en\/plastic-palette\/\">Plastic Pallet<\/a><span style=\"font-family: 'Helvetica Neue'; font-size: 13px; font-style: normal; font-variant-caps: normal; color: var( --e-global-color-text );\">\u00a0sayfam\u0131z\u0131 ziyaret ederek bu konuda daha fazla bilgi alabilirsiniz. Bu platform, \u00e7e\u015fitli plastik kasa ve benzeri depolama \u00e7\u00f6z\u00fcmlerini inceleme f\u0131rsat\u0131 sunar.<\/span><\/p><p style=\"margin: 0px; font-style: normal; font-variant-caps: normal; font-stretch: normal; font-size: 13px; line-height: normal; font-family: 'Helvetica Neue'; font-size-adjust: none; font-kerning: auto; font-variant-alternates: normal; font-variant-ligatures: normal; font-variant-numeric: normal; font-variant-east-asian: normal; font-variant-position: normal; font-feature-settings: normal; font-optical-sizing: auto; font-variation-settings: normal;\"><span style=\"font-family: 'Helvetica Neue'; font-size: 13px; font-style: normal; font-variant-caps: normal; color: var( --e-global-color-text );\">\u00a0<\/span><\/p><p style=\"margin: 0px; font-style: normal; font-variant-caps: normal; font-stretch: normal; font-size: 13px; line-height: normal; font-family: 'Helvetica Neue'; font-size-adjust: none; font-kerning: auto; font-variant-alternates: normal; font-variant-ligatures: normal; font-variant-numeric: normal; font-variant-east-asian: normal; font-variant-position: normal; font-feature-settings: normal; font-optical-sizing: auto; font-variation-settings: normal;\">\u00a0<\/p><p style=\"margin: 0px; font-style: normal; font-variant-caps: normal; font-stretch: normal; font-size: 13px; line-height: normal; font-family: 'Helvetica Neue'; font-size-adjust: none; font-kerning: auto; font-variant-alternates: normal; font-variant-ligatures: normal; font-variant-numeric: normal; font-variant-east-asian: normal; font-variant-position: normal; font-feature-settings: normal; font-optical-sizing: auto; font-variation-settings: normal;\">\u00a0<\/p><p style=\"margin: 0px; font-style: normal; font-variant-caps: normal; font-stretch: normal; font-size: 13px; line-height: normal; font-family: 'Helvetica Neue'; font-size-adjust: none; font-kerning: auto; font-variant-alternates: normal; font-variant-ligatures: normal; font-variant-numeric: normal; font-variant-east-asian: normal; font-variant-position: normal; font-feature-settings: normal; font-optical-sizing: auto; font-variation-settings: normal;\">Uzun laf\u0131n k\u0131sas\u0131, Euro paletler, ta\u015f\u0131mac\u0131l\u0131k ve lojistik s\u00fcre\u00e7lerini, s\u00fcrd\u00fcr\u00fclebilirlik ilkeleri do\u011frultusunda optimize eden, evrensel olarak kabul g\u00f6rm\u00fc\u015f, standartla\u015ft\u0131r\u0131lm\u0131\u015f, ve dayan\u0131kl\u0131 \u00e7\u00f6z\u00fcmler sunar. \u0130ster yerel ister uluslararas\u0131 alanda olsun, Euro paletler, ta\u015f\u0131ma ve depolama gereksinimlerinizi kar\u015f\u0131lamada etkin ve g\u00fcvenilir bir se\u00e7enektir.<\/p>\t\t\t\t\t\t\t\t<\/div>\n\t\t\t\t<\/div>\n\t\t\t\t\t<\/div>\n\t\t<\/div>\n\t\t\t\t\t<\/div>\n\t\t<\/section>\n\t\t\t\t<\/div>","protected":false},"excerpt":{"rendered":"<p>Lojistik d\u00fcnyas\u0131nda bir standart olan Euro palet, malzeme ta\u015f\u0131mac\u0131l\u0131\u011f\u0131nda b\u00fcy\u00fck bir rol oynar. Bu paletler, \u00f6zellikle Avrupa&#8217;da yayg\u0131n olarak kullan\u0131ld\u0131\u011f\u0131 i\u00e7in &#8220;Euro palet&#8221; olarak adland\u0131r\u0131l\u0131r. Ancak pop\u00fclerli\u011fi sadece Avrupa ile s\u0131n\u0131rl\u0131 de\u011fildir, d\u00fcnya genelinde bir\u00e7ok \u00fclkede tercih edilen bir ta\u015f\u0131ma \u00e7\u00f6z\u00fcm\u00fcd\u00fcr. Plastik Euro Palet Euro Paletin \u00d6nemi ve Ta\u015f\u0131mac\u0131l\u0131ktaki Yeri \u00a0 Lojistik ve ta\u015f\u0131mac\u0131l\u0131k sekt\u00f6r\u00fcndeki [&hellip;]<\/p>\n","protected":false},"author":2,"featured_media":0,"comment_status":"closed","ping_status":"closed","sticky":false,"template":"","format":"standard","meta":{"om_disable_all_campaigns":false,"_monsterinsights_skip_tracking":false,"_monsterinsights_sitenote_active":false,"_monsterinsights_sitenote_note":"","_monsterinsights_sitenote_category":0,"_uf_show_specific_survey":0,"_uf_disable_surveys":false,"_jetpack_memberships_contains_paid_content":false,"footnotes":""},"categories":[1],"tags":[],"class_list":["post-7755","post","type-post","status-publish","format-standard","hentry","category-genel","entry","owp-thumbs-layout-horizontal","owp-btn-normal","owp-tabs-layout-horizontal","has-no-thumbnails","has-product-nav"],"jetpack_featured_media_url":"","jetpack_sharing_enabled":true,"_links":{"self":[{"href":"https:\/\/www.eliteplast.com.tr\/en\/wp-json\/wp\/v2\/posts\/7755","targetHints":{"allow":["GET"]}}],"collection":[{"href":"https:\/\/www.eliteplast.com.tr\/en\/wp-json\/wp\/v2\/posts"}],"about":[{"href":"https:\/\/www.eliteplast.com.tr\/en\/wp-json\/wp\/v2\/types\/post"}],"author":[{"embeddable":true,"href":"https:\/\/www.eliteplast.com.tr\/en\/wp-json\/wp\/v2\/users\/2"}],"replies":[{"embeddable":true,"href":"https:\/\/www.eliteplast.com.tr\/en\/wp-json\/wp\/v2\/comments?post=7755"}],"version-history":[{"count":11,"href":"https:\/\/www.eliteplast.com.tr\/en\/wp-json\/wp\/v2\/posts\/7755\/revisions"}],"predecessor-version":[{"id":7847,"href":"https:\/\/www.eliteplast.com.tr\/en\/wp-json\/wp\/v2\/posts\/7755\/revisions\/7847"}],"wp:attachment":[{"href":"https:\/\/www.eliteplast.com.tr\/en\/wp-json\/wp\/v2\/media?parent=7755"}],"wp:term":[{"taxonomy":"category","embeddable":true,"href":"https:\/\/www.eliteplast.com.tr\/en\/wp-json\/wp\/v2\/categories?post=7755"},{"taxonomy":"post_tag","embeddable":true,"href":"https:\/\/www.eliteplast.com.tr\/en\/wp-json\/wp\/v2\/tags?post=7755"}],"curies":[{"name":"wp","href":"https:\/\/api.w.org\/{rel}","templated":true}]}}